{"id":894,"count":2,"description":"Fundada a Val\u00e8ncia al 1980 per dissenyadors. Els seus productes s\u00f3n clars, senzills i funcionals, s\u00f3n productes plens de sentit. Peces de les seves col\u00b7leccions es troben en museus com el Museum f\u00fcr Angewandte. Kunst de Col\u00f2nia, el Desingn Museum, de Londres, el Victoria &amp; Albert Museum f\u00fcr Angewandte. Kunst. de Munic, o al Museu d&#039;Arts Decoratives de Barcelona. Punt Mobles ha estat reconegut amb nombrosos premis, entre ells, el Premi Nacional de Disseny d&#039;Espanya el 1997.","link":"https:\/\/www.navarroaubanell.com\/ca\/marca\/punt-ca\/","name":"Punt","slug":"punt-ca","taxonomy":"product_brand","parent":0,"meta":[],"acf":[],"yoast_head":"<!-- This site is optimized with the Yoast SEO plugin v27.0 - https:\/\/yoast.com\/product\/yoast-seo-wordpress\/ -->\n<title>Punt. Distribuidor Oficial - Navarro Aubanell<\/title>\n<meta name=\"robots\" content=\"index, follow, max-snippet:-1, max-image-preview:large, max-video-preview:-1\" \/>\n<link rel=\"canonical\" href=\"https:\/\/www.navarroaubanell.com\/ca\/marca\/punt-ca\/\" \/>\n<meta property=\"og:locale\" content=\"ca_ES\" \/>\n<meta property=\"og:type\" content=\"article\" \/>\n<meta property=\"og:title\" content=\"Punt. Distribuidor Oficial - Navarro Aubanell\" \/>\n<meta property=\"og:description\" content=\"Fundada a Val\u00e8ncia al 1980 per dissenyadors. Els seus productes s\u00f3n clars, senzills i funcionals, s\u00f3n productes plens de sentit. Peces de les seves col\u00b7leccions es troben en museus com el Museum f\u00fcr Angewandte. Kunst de Col\u00f2nia, el Desingn Museum, de Londres, el Victoria &amp; Albert Museum f\u00fcr Angewandte. Kunst. de Munic, o al Museu d&#039;Arts Decoratives de Barcelona. Punt Mobles ha estat reconegut amb nombrosos premis, entre ells, el Premi Nacional de Disseny d&#039;Espanya el 1997.\" \/>\n<meta property=\"og:url\" content=\"https:\/\/www.navarroaubanell.com\/ca\/marca\/punt-ca\/\" \/>\n<meta property=\"og:site_name\" content=\"Navarro Aubanell\" \/>\n<script type=\"application\/ld+json\" class=\"yoast-schema-graph\">{\"@context\":\"https:\/\/schema.org\",\"@graph\":[{\"@type\":\"CollectionPage\",\"@id\":\"https:\/\/www.navarroaubanell.com\/ca\/marca\/punt-ca\/\",\"url\":\"https:\/\/www.navarroaubanell.com\/ca\/marca\/punt-ca\/\",\"name\":\"Punt. Distribuidor Oficial - Navarro Aubanell\",\"isPartOf\":{\"@id\":\"https:\/\/www.navarroaubanell.com\/ca\/#website\"},\"breadcrumb\":{\"@id\":\"https:\/\/www.navarroaubanell.com\/ca\/marca\/punt-ca\/#breadcrumb\"},\"inLanguage\":\"ca\"},{\"@type\":\"BreadcrumbList\",\"@id\":\"https:\/\/www.navarroaubanell.com\/ca\/marca\/punt-ca\/#breadcrumb\",\"itemListElement\":[{\"@type\":\"ListItem\",\"position\":1,\"name\":\"Portada\",\"item\":\"https:\/\/www.navarroaubanell.com\/ca\/\"},{\"@type\":\"ListItem\",\"position\":2,\"name\":\"Punt\"}]},{\"@type\":\"WebSite\",\"@id\":\"https:\/\/www.navarroaubanell.com\/ca\/#website\",\"url\":\"https:\/\/www.navarroaubanell.com\/ca\/\",\"name\":\"Navarro Aubanell\",\"description\":\"Mobiliario para hoteler\u00eda, colectividades y oficinas\",\"publisher\":{\"@id\":\"https:\/\/www.navarroaubanell.com\/ca\/#organization\"},\"potentialAction\":[{\"@type\":\"SearchAction\",\"target\":{\"@type\":\"EntryPoint\",\"urlTemplate\":\"https:\/\/www.navarroaubanell.com\/ca\/?s={search_term_string}\"},\"query-input\":{\"@type\":\"PropertyValueSpecification\",\"valueRequired\":true,\"valueName\":\"search_term_string\"}}],\"inLanguage\":\"ca\"},{\"@type\":\"Organization\",\"@id\":\"https:\/\/www.navarroaubanell.com\/ca\/#organization\",\"name\":\"COMERCIAL NAVARRO AUBANELL, S.A\",\"url\":\"https:\/\/www.navarroaubanell.com\/ca\/\",\"logo\":{\"@type\":\"ImageObject\",\"inLanguage\":\"ca\",\"@id\":\"https:\/\/www.navarroaubanell.com\/ca\/#\/schema\/logo\/image\/\",\"url\":\"https:\/\/www.navarroaubanell.com\/wp-content\/uploads\/2017\/07\/logo-navarro-aubuanell.png\",\"contentUrl\":\"https:\/\/www.navarroaubanell.com\/wp-content\/uploads\/2017\/07\/logo-navarro-aubuanell.png\",\"width\":6304,\"height\":1154,\"caption\":\"COMERCIAL NAVARRO AUBANELL, S.A\"},\"image\":{\"@id\":\"https:\/\/www.navarroaubanell.com\/ca\/#\/schema\/logo\/image\/\"}}]}<\/script>\n<!-- \/ Yoast SEO plugin. -->","yoast_head_json":{"title":"Punt. Distribuidor Oficial - Navarro Aubanell","robots":{"index":"index","follow":"follow","max-snippet":"max-snippet:-1","max-image-preview":"max-image-preview:large","max-video-preview":"max-video-preview:-1"},"canonical":"https:\/\/www.navarroaubanell.com\/ca\/marca\/punt-ca\/","og_locale":"ca_ES","og_type":"article","og_title":"Punt. Distribuidor Oficial - Navarro Aubanell","og_description":"Fundada a Val\u00e8ncia al 1980 per dissenyadors. Els seus productes s\u00f3n clars, senzills i funcionals, s\u00f3n productes plens de sentit. Peces de les seves col\u00b7leccions es troben en museus com el Museum f\u00fcr Angewandte. Kunst de Col\u00f2nia, el Desingn Museum, de Londres, el Victoria &amp; Albert Museum f\u00fcr Angewandte. Kunst. de Munic, o al Museu d&#039;Arts Decoratives de Barcelona. Punt Mobles ha estat reconegut amb nombrosos premis, entre ells, el Premi Nacional de Disseny d&#039;Espanya el 1997.","og_url":"https:\/\/www.navarroaubanell.com\/ca\/marca\/punt-ca\/","og_site_name":"Navarro Aubanell","schema":{"@context":"https:\/\/schema.org","@graph":[{"@type":"CollectionPage","@id":"https:\/\/www.navarroaubanell.com\/ca\/marca\/punt-ca\/","url":"https:\/\/www.navarroaubanell.com\/ca\/marca\/punt-ca\/","name":"Punt. Distribuidor Oficial - Navarro Aubanell","isPartOf":{"@id":"https:\/\/www.navarroaubanell.com\/ca\/#website"},"breadcrumb":{"@id":"https:\/\/www.navarroaubanell.com\/ca\/marca\/punt-ca\/#breadcrumb"},"inLanguage":"ca"},{"@type":"BreadcrumbList","@id":"https:\/\/www.navarroaubanell.com\/ca\/marca\/punt-ca\/#breadcrumb","itemListElement":[{"@type":"ListItem","position":1,"name":"Portada","item":"https:\/\/www.navarroaubanell.com\/ca\/"},{"@type":"ListItem","position":2,"name":"Punt"}]},{"@type":"WebSite","@id":"https:\/\/www.navarroaubanell.com\/ca\/#website","url":"https:\/\/www.navarroaubanell.com\/ca\/","name":"Navarro Aubanell","description":"Mobiliario para hoteler\u00eda, colectividades y oficinas","publisher":{"@id":"https:\/\/www.navarroaubanell.com\/ca\/#organization"},"potentialAction":[{"@type":"SearchAction","target":{"@type":"EntryPoint","urlTemplate":"https:\/\/www.navarroaubanell.com\/ca\/?s={search_term_string}"},"query-input":{"@type":"PropertyValueSpecification","valueRequired":true,"valueName":"search_term_string"}}],"inLanguage":"ca"},{"@type":"Organization","@id":"https:\/\/www.navarroaubanell.com\/ca\/#organization","name":"COMERCIAL NAVARRO AUBANELL, S.A","url":"https:\/\/www.navarroaubanell.com\/ca\/","logo":{"@type":"ImageObject","inLanguage":"ca","@id":"https:\/\/www.navarroaubanell.com\/ca\/#\/schema\/logo\/image\/","url":"https:\/\/www.navarroaubanell.com\/wp-content\/uploads\/2017\/07\/logo-navarro-aubuanell.png","contentUrl":"https:\/\/www.navarroaubanell.com\/wp-content\/uploads\/2017\/07\/logo-navarro-aubuanell.png","width":6304,"height":1154,"caption":"COMERCIAL NAVARRO AUBANELL, S.A"},"image":{"@id":"https:\/\/www.navarroaubanell.com\/ca\/#\/schema\/logo\/image\/"}}]}},"_links":{"self":[{"href":"https:\/\/www.navarroaubanell.com\/ca\/wp-json\/wp\/v2\/product_brand\/894","targetHints":{"allow":["GET"]}}],"collection":[{"href":"https:\/\/www.navarroaubanell.com\/ca\/wp-json\/wp\/v2\/product_brand"}],"about":[{"href":"https:\/\/www.navarroaubanell.com\/ca\/wp-json\/wp\/v2\/taxonomies\/product_brand"}],"wp:post_type":[{"href":"https:\/\/www.navarroaubanell.com\/ca\/wp-json\/wp\/v2\/product?product_brand=894"}],"curies":[{"name":"wp","href":"https:\/\/api.w.org\/{rel}","templated":true}]}}